{"id":4439,"date":"2019-05-27T17:23:08","date_gmt":"2019-05-27T21:23:08","guid":{"rendered":"https:\/\/faed.ufms.br\/?p=4439"},"modified":"2026-08-09T05:28:21","modified_gmt":"2026-08-09T09:28:21","slug":"campanha-estadual-de-combate-ao-feminicidio","status":"publish","type":"post","link":"https:\/\/faed.ufms.br\/en\/campanha-estadual-de-combate-ao-feminicidio\/","title":{"rendered":"Campanha Estadual de Combate ao Feminic\u00eddio"},"content":{"rendered":"<p>No dia 27 de maio a Faed se fez presente no lan\u00e7amento da\u00a0Campanha Estadual de Combate ao Feminic\u00eddio.<\/p>\n<p>A a\u00e7\u00e3o tem como objetivo conscientizar e sensibilizar a sociedade sobre o feminic\u00eddio.<\/p>\n<p>Feminic\u00eddio \u00e9 o termo usado para denominar assassinatos de mulheres cometidos em raz\u00e3o do g\u00eanero. Ou seja, quando a v\u00edtima \u00e9 morta por ser mulher. No Brasil, a Lei do Feminic\u00eddio, de 2015, estabelece que, quando o homic\u00eddio \u00e9 cometido contra uma mulher, a pena \u00e9 maior&#8230;<\/p>\n<p>Um crime \u00e9 considerado feminic\u00eddio quando for cometido contra uma v\u00edtima por ela ser do sexo feminino. Segundo a lei, para ser considerado feminic\u00eddio, as situa\u00e7\u00f5es devem envolver viol\u00eancia dom\u00e9stica e familiar ou menosprezo ou discrimina\u00e7\u00e3o \u00e0 condi\u00e7\u00e3o de mulher. Mas o que isso significa exatamente? Significa que houve uma situa\u00e7\u00e3o de domina\u00e7\u00e3o ou humilha\u00e7\u00e3o, sendo o autor do crime conhecido ou n\u00e3o da v\u00edtima.<\/p>\n<p>A a\u00e7\u00e3o est\u00e1 ocorrendo em parceria entre o poder executivo, judici\u00e1rio, legislativo e outras institui\u00e7\u00f5es.<\/p>\n","protected":false},"excerpt":{"rendered":"<p>No dia 27 de maio a Faed se fez presente no lan\u00e7amento da\u00a0Campanha Estadual de Combate ao Feminic\u00eddio. A a\u00e7\u00e3o tem como objetivo conscientizar e sensibilizar a sociedade sobre o feminic\u00eddio. Feminic\u00eddio \u00e9 o termo usado para denominar assassinatos de mulheres cometidos em raz\u00e3o do g\u00eanero. Ou seja, quando a v\u00edtima \u00e9 morta por ser&#8230;<\/p>\n","protected":false},"author":21809,"featured_media":4440,"comment_status":"closed","ping_status":"closed","sticky":false,"template":"","format":"standard","meta":{"_acf_changed":false,"_eb_attr":"","_price":"","_stock":"","_tribe_ticket_header":"","_tribe_default_ticket_provider":"","_tribe_ticket_capacity":"0","_ticket_start_date":"","_ticket_end_date":"","_tribe_ticket_show_description":"","_tribe_ticket_show_not_going":false,"_tribe_ticket_use_global_stock":"","_tribe_ticket_global_stock_level":"","_global_stock_mode":"","_global_stock_cap":"","_tribe_rsvp_for_event":"","_tribe_ticket_going_count":"","_tribe_ticket_not_going_count":"","_tribe_tickets_list":"[]","_tribe_ticket_has_attendee_info_fields":false,"footnotes":""},"categories":[2],"tags":[],"coauthors":[110],"class_list":["post-4439","post","type-post","status-publish","format-standard","has-post-thumbnail","hentry","category-destaques"],"acf":[],"aioseo_notices":[],"_links":{"self":[{"href":"https:\/\/faed.ufms.br\/en\/wp-json\/wp\/v2\/posts\/4439","targetHints":{"allow":["GET"]}}],"collection":[{"href":"https:\/\/faed.ufms.br\/en\/wp-json\/wp\/v2\/posts"}],"about":[{"href":"https:\/\/faed.ufms.br\/en\/wp-json\/wp\/v2\/types\/post"}],"author":[{"embeddable":true,"href":"https:\/\/faed.ufms.br\/en\/wp-json\/wp\/v2\/users\/21809"}],"replies":[{"embeddable":true,"href":"https:\/\/faed.ufms.br\/en\/wp-json\/wp\/v2\/comments?post=4439"}],"version-history":[{"count":1,"href":"https:\/\/faed.ufms.br\/en\/wp-json\/wp\/v2\/posts\/4439\/revisions"}],"predecessor-version":[{"id":4441,"href":"https:\/\/faed.ufms.br\/en\/wp-json\/wp\/v2\/posts\/4439\/revisions\/4441"}],"wp:featuredmedia":[{"embeddable":true,"href":"https:\/\/faed.ufms.br\/en\/wp-json\/wp\/v2\/media\/4440"}],"wp:attachment":[{"href":"https:\/\/faed.ufms.br\/en\/wp-json\/wp\/v2\/media?parent=4439"}],"wp:term":[{"taxonomy":"category","embeddable":true,"href":"https:\/\/faed.ufms.br\/en\/wp-json\/wp\/v2\/categories?post=4439"},{"taxonomy":"post_tag","embeddable":true,"href":"https:\/\/faed.ufms.br\/en\/wp-json\/wp\/v2\/tags?post=4439"},{"taxonomy":"author","embeddable":true,"href":"https:\/\/faed.ufms.br\/en\/wp-json\/wp\/v2\/coauthors?post=4439"}],"curies":[{"name":"wp","href":"https:\/\/api.w.org\/{rel}","templated":true}]}}