{"id":5037,"date":"2020-01-14T15:08:04","date_gmt":"2020-01-14T19:08:04","guid":{"rendered":"https:\/\/faed.ufms.br\/?p=5037"},"modified":"2026-08-09T05:20:47","modified_gmt":"2026-08-09T09:20:47","slug":"selecao-de-candidatos-as-para-participarem-do-projeto-de-extensao-danca-de-salao","status":"publish","type":"post","link":"https:\/\/faed.ufms.br\/en\/selecao-de-candidatos-as-para-participarem-do-projeto-de-extensao-danca-de-salao\/","title":{"rendered":"Sele\u00e7\u00e3o de candidatos\/as para participarem do Projeto de Extens\u00e3o \u201cDAN\u00c7A DE SAL\u00c3O\u201d"},"content":{"rendered":"<p>O presente <a href=\"https:\/\/faed.ufms.br\/selecao-de-candidatos-as-para-participarem-do-projeto-de-extensao-danca-de-salao\/edital-faed-n-001-proj-ext-danca-de-salao\/\" rel=\"attachment wp-att-5038\">Edital <\/a>disciplina o processo de sele\u00e7\u00e3o de candidatos\/as para participarem do Projeto de Extens\u00e3o \u201cDAN\u00c7A DE SAL\u00c3O\u201d.<\/p>\n<p>A proposta do Projeto de Extens\u00e3o tem por objetivo introduzir os conhecimentos da dan\u00e7a de sal\u00e3o.<\/p>\n<p>Esclarecimentos e informa\u00e7\u00f5es adicionais poder\u00e3o ser obtidos, contatando-se o Coordenador do Projeto de Extens\u00e3o \u201cDAN\u00c7A DE SAL\u00c3O\u201d, pelo telefone (67)3345-7653.<\/p>\n","protected":false},"excerpt":{"rendered":"<p>O presente Edital disciplina o processo de sele\u00e7\u00e3o de candidatos\/as para participarem do Projeto de Extens\u00e3o \u201cDAN\u00c7A DE SAL\u00c3O\u201d. A proposta do Projeto de Extens\u00e3o tem por objetivo introduzir os conhecimentos da dan\u00e7a de sal\u00e3o. Esclarecimentos e informa\u00e7\u00f5es adicionais poder\u00e3o ser obtidos, contatando-se o Coordenador do Projeto de Extens\u00e3o \u201cDAN\u00c7A DE SAL\u00c3O\u201d, pelo telefone (67)3345-7653.<\/p>\n","protected":false},"author":21809,"featured_media":5039,"comment_status":"closed","ping_status":"closed","sticky":false,"template":"","format":"standard","meta":{"_acf_changed":false,"_eb_attr":"","_price":"","_stock":"","_tribe_ticket_header":"","_tribe_default_ticket_provider":"","_tribe_ticket_capacity":"0","_ticket_start_date":"","_ticket_end_date":"","_tribe_ticket_show_description":"","_tribe_ticket_show_not_going":false,"_tribe_ticket_use_global_stock":"","_tribe_ticket_global_stock_level":"","_global_stock_mode":"","_global_stock_cap":"","_tribe_rsvp_for_event":"","_tribe_ticket_going_count":"","_tribe_ticket_not_going_count":"","_tribe_tickets_list":"[]","_tribe_ticket_has_attendee_info_fields":false,"footnotes":""},"categories":[2],"tags":[],"coauthors":[110],"class_list":["post-5037","post","type-post","status-publish","format-standard","has-post-thumbnail","hentry","category-destaques"],"acf":[],"aioseo_notices":[],"_links":{"self":[{"href":"https:\/\/faed.ufms.br\/en\/wp-json\/wp\/v2\/posts\/5037","targetHints":{"allow":["GET"]}}],"collection":[{"href":"https:\/\/faed.ufms.br\/en\/wp-json\/wp\/v2\/posts"}],"about":[{"href":"https:\/\/faed.ufms.br\/en\/wp-json\/wp\/v2\/types\/post"}],"author":[{"embeddable":true,"href":"https:\/\/faed.ufms.br\/en\/wp-json\/wp\/v2\/users\/21809"}],"replies":[{"embeddable":true,"href":"https:\/\/faed.ufms.br\/en\/wp-json\/wp\/v2\/comments?post=5037"}],"version-history":[{"count":2,"href":"https:\/\/faed.ufms.br\/en\/wp-json\/wp\/v2\/posts\/5037\/revisions"}],"predecessor-version":[{"id":5041,"href":"https:\/\/faed.ufms.br\/en\/wp-json\/wp\/v2\/posts\/5037\/revisions\/5041"}],"wp:featuredmedia":[{"embeddable":true,"href":"https:\/\/faed.ufms.br\/en\/wp-json\/wp\/v2\/media\/5039"}],"wp:attachment":[{"href":"https:\/\/faed.ufms.br\/en\/wp-json\/wp\/v2\/media?parent=5037"}],"wp:term":[{"taxonomy":"category","embeddable":true,"href":"https:\/\/faed.ufms.br\/en\/wp-json\/wp\/v2\/categories?post=5037"},{"taxonomy":"post_tag","embeddable":true,"href":"https:\/\/faed.ufms.br\/en\/wp-json\/wp\/v2\/tags?post=5037"},{"taxonomy":"author","embeddable":true,"href":"https:\/\/faed.ufms.br\/en\/wp-json\/wp\/v2\/coauthors?post=5037"}],"curies":[{"name":"wp","href":"https:\/\/api.w.org\/{rel}","templated":true}]}}