{"id":5276,"date":"2020-05-22T20:43:00","date_gmt":"2020-05-23T00:43:00","guid":{"rendered":"https:\/\/faed.ufms.br\/?p=5276"},"modified":"2026-08-09T05:18:05","modified_gmt":"2026-08-09T09:18:05","slug":"curso-plano-municipal-pela-primeira-infancia","status":"publish","type":"post","link":"https:\/\/faed.ufms.br\/en\/curso-plano-municipal-pela-primeira-infancia\/","title":{"rendered":"Inscri\u00e7\u00e3o no processo seletivo do curso &#8220;Elabora\u00e7\u00e3o do Plano Municipal pela Primeira Inf\u00e2ncia&#8221;"},"content":{"rendered":"<p>Est\u00e3o abertas as inscri\u00e7\u00f5es para o\u00a0<strong>curso online e gratuito &#8220;Elabora\u00e7\u00e3o do Plano Municipal pela Primeira Inf\u00e2ncia&#8221;<\/strong>, uma realiza\u00e7\u00e3o da\u00a0secretaria executiva da Rede Nacional Primeira Inf\u00e2ncia\/ CECIP &#8211; Centro de Cria\u00e7\u00e3o de Imagem Popular e Universidade Federal do Mato Grosso do Sul. O curso ter\u00e1 dura\u00e7\u00e3o de tr\u00eas meses e \u00e9 voltado para gestores p\u00fablicos municipais, t\u00e9cnicos das secretarias municipais e integrantes dos Conselhos Municipais de Direitos da Crian\u00e7a e do Adolescente. E aten\u00e7\u00e3o: as inscri\u00e7\u00f5es v\u00e3o at\u00e9 o dia 17 de julho,\u00a0<a href=\"https:\/\/goo.gl\/DrUoBt\">clique aqui para se\u00a0candidatar a uma das vagas dispon\u00edveis.<\/a><\/p>\n","protected":false},"excerpt":{"rendered":"<p>Est\u00e3o abertas as inscri\u00e7\u00f5es para o\u00a0curso online e gratuito &#8220;Elabora\u00e7\u00e3o do Plano Municipal pela Primeira Inf\u00e2ncia&#8221;, uma realiza\u00e7\u00e3o da\u00a0secretaria executiva da Rede Nacional Primeira Inf\u00e2ncia\/ CECIP &#8211; Centro de Cria\u00e7\u00e3o de Imagem Popular e Universidade Federal do Mato Grosso do Sul. O curso ter\u00e1 dura\u00e7\u00e3o de tr\u00eas meses e \u00e9 voltado para gestores p\u00fablicos municipais,&#8230;<\/p>\n","protected":false},"author":21809,"featured_media":5277,"comment_status":"closed","ping_status":"closed","sticky":false,"template":"","format":"standard","meta":{"_acf_changed":false,"_eb_attr":"","_price":"","_stock":"","_tribe_ticket_header":"","_tribe_default_ticket_provider":"","_tribe_ticket_capacity":"0","_ticket_start_date":"","_ticket_end_date":"","_tribe_ticket_show_description":"","_tribe_ticket_show_not_going":false,"_tribe_ticket_use_global_stock":"","_tribe_ticket_global_stock_level":"","_global_stock_mode":"","_global_stock_cap":"","_tribe_rsvp_for_event":"","_tribe_ticket_going_count":"","_tribe_ticket_not_going_count":"","_tribe_tickets_list":"[]","_tribe_ticket_has_attendee_info_fields":false,"footnotes":""},"categories":[2],"tags":[],"coauthors":[110],"class_list":["post-5276","post","type-post","status-publish","format-standard","has-post-thumbnail","hentry","category-destaques"],"acf":[],"aioseo_notices":[],"_links":{"self":[{"href":"https:\/\/faed.ufms.br\/en\/wp-json\/wp\/v2\/posts\/5276","targetHints":{"allow":["GET"]}}],"collection":[{"href":"https:\/\/faed.ufms.br\/en\/wp-json\/wp\/v2\/posts"}],"about":[{"href":"https:\/\/faed.ufms.br\/en\/wp-json\/wp\/v2\/types\/post"}],"author":[{"embeddable":true,"href":"https:\/\/faed.ufms.br\/en\/wp-json\/wp\/v2\/users\/21809"}],"replies":[{"embeddable":true,"href":"https:\/\/faed.ufms.br\/en\/wp-json\/wp\/v2\/comments?post=5276"}],"version-history":[{"count":2,"href":"https:\/\/faed.ufms.br\/en\/wp-json\/wp\/v2\/posts\/5276\/revisions"}],"predecessor-version":[{"id":5279,"href":"https:\/\/faed.ufms.br\/en\/wp-json\/wp\/v2\/posts\/5276\/revisions\/5279"}],"wp:featuredmedia":[{"embeddable":true,"href":"https:\/\/faed.ufms.br\/en\/wp-json\/wp\/v2\/media\/5277"}],"wp:attachment":[{"href":"https:\/\/faed.ufms.br\/en\/wp-json\/wp\/v2\/media?parent=5276"}],"wp:term":[{"taxonomy":"category","embeddable":true,"href":"https:\/\/faed.ufms.br\/en\/wp-json\/wp\/v2\/categories?post=5276"},{"taxonomy":"post_tag","embeddable":true,"href":"https:\/\/faed.ufms.br\/en\/wp-json\/wp\/v2\/tags?post=5276"},{"taxonomy":"author","embeddable":true,"href":"https:\/\/faed.ufms.br\/en\/wp-json\/wp\/v2\/coauthors?post=5276"}],"curies":[{"name":"wp","href":"https:\/\/api.w.org\/{rel}","templated":true}]}}