{"id":5364,"date":"2020-07-02T14:08:50","date_gmt":"2020-07-02T18:08:50","guid":{"rendered":"https:\/\/faed.ufms.br\/?p=5364"},"modified":"2026-08-09T05:17:16","modified_gmt":"2026-08-09T09:17:16","slug":"prorrogacao-do-periodo-da-avaliacao-institucional-2020","status":"publish","type":"post","link":"https:\/\/faed.ufms.br\/en\/prorrogacao-do-periodo-da-avaliacao-institucional-2020\/","title":{"rendered":"Prorroga\u00e7\u00e3o do per\u00edodo da Avalia\u00e7\u00e3o Institucional 2020"},"content":{"rendered":"<p>Informamos que o prazo para preenchimento dos question\u00e1rios de Autoavalia\u00e7\u00e3o Institucional da UFMS foi prorrogado para o dia 07 de julho de 2020.\u00a0Os question\u00e1rios encontram-se dispon\u00edveis para o preenchimento no Siai (<a href=\"https:\/\/siai.ufms.br\/avaliacao-institucional\" target=\"_blank\" rel=\"noopener noreferrer\">https:\/\/siai.ufms.br\/avaliacao-institucional<\/a>). Nesta consulta participam do processo os professores e\u00a0 estudantes de cursos de gradua\u00e7\u00e3o e p\u00f3s-gradua\u00e7\u00e3o (stricto sensu e resid\u00eancias), nas modalidades presencial e a dist\u00e2ncia.<\/p>\n<p>&nbsp;<\/p>\n","protected":false},"excerpt":{"rendered":"<p>Informamos que o prazo para preenchimento dos question\u00e1rios de Autoavalia\u00e7\u00e3o Institucional da UFMS foi prorrogado para o dia 07 de julho de 2020.\u00a0Os question\u00e1rios encontram-se dispon\u00edveis para o preenchimento no Siai (https:\/\/siai.ufms.br\/avaliacao-institucional). Nesta consulta participam do processo os professores e\u00a0 estudantes de cursos de gradua\u00e7\u00e3o e p\u00f3s-gradua\u00e7\u00e3o (stricto sensu e resid\u00eancias), nas modalidades presencial e&#8230;<\/p>\n","protected":false},"author":21809,"featured_media":5365,"comment_status":"closed","ping_status":"closed","sticky":false,"template":"","format":"standard","meta":{"_acf_changed":false,"_eb_attr":"","_price":"","_stock":"","_tribe_ticket_header":"","_tribe_default_ticket_provider":"","_tribe_ticket_capacity":"0","_ticket_start_date":"","_ticket_end_date":"","_tribe_ticket_show_description":"","_tribe_ticket_show_not_going":false,"_tribe_ticket_use_global_stock":"","_tribe_ticket_global_stock_level":"","_global_stock_mode":"","_global_stock_cap":"","_tribe_rsvp_for_event":"","_tribe_ticket_going_count":"","_tribe_ticket_not_going_count":"","_tribe_tickets_list":"[]","_tribe_ticket_has_attendee_info_fields":false,"footnotes":""},"categories":[2],"tags":[],"coauthors":[110],"class_list":["post-5364","post","type-post","status-publish","format-standard","has-post-thumbnail","hentry","category-destaques"],"acf":[],"aioseo_notices":[],"_links":{"self":[{"href":"https:\/\/faed.ufms.br\/en\/wp-json\/wp\/v2\/posts\/5364","targetHints":{"allow":["GET"]}}],"collection":[{"href":"https:\/\/faed.ufms.br\/en\/wp-json\/wp\/v2\/posts"}],"about":[{"href":"https:\/\/faed.ufms.br\/en\/wp-json\/wp\/v2\/types\/post"}],"author":[{"embeddable":true,"href":"https:\/\/faed.ufms.br\/en\/wp-json\/wp\/v2\/users\/21809"}],"replies":[{"embeddable":true,"href":"https:\/\/faed.ufms.br\/en\/wp-json\/wp\/v2\/comments?post=5364"}],"version-history":[{"count":1,"href":"https:\/\/faed.ufms.br\/en\/wp-json\/wp\/v2\/posts\/5364\/revisions"}],"predecessor-version":[{"id":5366,"href":"https:\/\/faed.ufms.br\/en\/wp-json\/wp\/v2\/posts\/5364\/revisions\/5366"}],"wp:featuredmedia":[{"embeddable":true,"href":"https:\/\/faed.ufms.br\/en\/wp-json\/wp\/v2\/media\/5365"}],"wp:attachment":[{"href":"https:\/\/faed.ufms.br\/en\/wp-json\/wp\/v2\/media?parent=5364"}],"wp:term":[{"taxonomy":"category","embeddable":true,"href":"https:\/\/faed.ufms.br\/en\/wp-json\/wp\/v2\/categories?post=5364"},{"taxonomy":"post_tag","embeddable":true,"href":"https:\/\/faed.ufms.br\/en\/wp-json\/wp\/v2\/tags?post=5364"},{"taxonomy":"author","embeddable":true,"href":"https:\/\/faed.ufms.br\/en\/wp-json\/wp\/v2\/coauthors?post=5364"}],"curies":[{"name":"wp","href":"https:\/\/api.w.org\/{rel}","templated":true}]}}